{"id":636,"date":"2014-05-05T18:07:45","date_gmt":"2014-05-05T22:07:45","guid":{"rendered":"http:\/\/www.matness.ca\/?p=636"},"modified":"2014-05-19T21:09:52","modified_gmt":"2014-05-20T01:09:52","slug":"referendums","status":"publish","type":"post","link":"https:\/\/www.matness.ca\/fr\/referendums\/","title":{"rendered":"La petite vie des r\u00e9f\u00e9rendums"},"content":{"rendered":"<p>Quand j\u2019y pense, mon introduction \u00e0 la politique s\u2019est faite durant le r\u00e9f\u00e9rendum de 1995. J\u2019\u00e9tais qu\u2019un p\u2019tit cul bilingue, reniflant et hypersensible, en 5e ann\u00e9e dans une \u00e9cole priv\u00e9e fran\u00e7aise assez snob. De ce que je peux me rappeler, la majorit\u00e9 de mes camarades de 10 ans n\u2019\u00e9taient pas trop favorables \u00e0 l\u2019id\u00e9e d\u2019un Qu\u00e9bec libre. Qui sait pourquoi? Ayant 10 ans, notre analyse politique n\u2019\u00e9tait s\u00fbrement pas tr\u00e8s \u00e9labor\u00e9e. Ma raison d\u2019\u00eatre contre \u00e9tait simple : un Qu\u00e9bec souverain pr\u00e9cipiterait un d\u00e9m\u00e9nagement pour ma maman et moi. Que j\u2019habiterais tr\u00e8s loin de mon Papa Luc. Et c\u2019\u00e9tait la seule raison dont j\u2019avais de besoin pour vouloir que le Qu\u00e9bec et le Canada essayent encore une derni\u00e8re fois de se r\u00e9concilier. <\/p>\n<p>Un de mes camarades de classe se trouvait \u00eatre le petit-fils du Premier Ministre du Qu\u00e9bec et parrain du mouvement souverainiste Jacques Parizeau. Il \u00e9tait un enfant relativement gentil. Timide. Un peu orgueilleux. Mais quand son grand-p\u00e8re prit le micro cette nuit fra\u00eeche du mois d\u2019octobre, apparemment ivre et aigri acidul\u00e9 par sa d\u00e9faite, reprochant \u00e0 l\u2019\u00abargent et le vote ethnique \u00bb de lui avoir refus\u00e9 son pays, c\u2019est certain que la table \u00e9tait mise pour que mon camarade se fasse tabasser sans rel\u00e2che par les enfants de l\u2019argent et des nouveaux immigrants qui l\u2019entouraient. L\u2019\u00e9quipe administrative au grand complet est m\u00eame intervenue pour que cessent les bousculades et pour nous rappeler que notre ami n\u2019\u00e9tait pas responsable des \u00e9garements de son grand-p\u00e8re. Dire que c\u2019\u00e9tait tendu ne rendrait pas justice \u00e0 l\u2019atmosph\u00e8re du moment. <\/p>\n<p>Une amie me raconta r\u00e9cemment que sa famille avait trop peur d\u2019accrocher un drapeau canadien sur leur balcon dans un quartier montr\u00e9alais principalement anglophone durant le r\u00e9f\u00e9rendum. D\u2019autres se souviennent d\u2019avoir \u00e9t\u00e9 chass\u00e9s de restaurants \u00e0 l\u2019ext\u00e9rieur du Qu\u00e9bec pour avoir commis le simple crime de s&rsquo;\u00eatre parl\u00e9s en fran\u00e7ais lors de vacances familiales.  <\/p>\n<p>J\u2019ai l\u2019impression qu\u2019il n\u2019y a pas tant de personnes au Qu\u00e9bec qui songent \u00e0 cette p\u00e9riode de notre histoire avec tant affection. Des souvenirs jubilatoires et le r\u00e9f\u00e9rendum sont quand m\u00eame assez paradoxaux. Mais personne n\u2019a dit que ce genre de d\u00e9mocratie allait \u00eatre facile. Ce n\u2019est pas aussi simple que de cocher le nom de quelqu\u2019un pour te \u00ab repr\u00e9senter \u00bb. C\u2019est d\u00e9cider, litt\u00e9ralement, de l\u2019avenir de plusieurs nations. <\/p>\n<p>Ce n\u2019est pas un apr\u00e8s-midi \u00e0 fl\u00e2ner dans un parc. C\u2019est une r\u00e9flexion. C\u2019est des chicanes. C\u2019est du travail. <\/p>\n<p>\u00c9tant donn\u00e9 le grand co\u00fbt \u00e9motionnel, spirituel et physique de ces questionnements, c\u2019est raisonnable de se permettre du temps avant de recommencer l\u2019exercice une autre fois, si jamais il y en a un autre. Attendre un peu pour voir o\u00f9 nos t\u00eates seront rendues. Et 19 ans plus tard, l\u2019ind\u00e9pendance r\u00e9colte r\u00e9guli\u00e8rement l\u2019appui de 30-40% de la population. C\u2019est 3 ou 4 personnes sur 10 qui veulent la souverainet\u00e9. C\u2019est jusqu\u2019\u00e0 2,5 millions de nos voisin.e.s qui nous disent qu\u2019ils veulent encore un pays. <\/p>\n<p>Mais est-ce que c\u2019est si d\u00e9raisonnable de se poser la question de nouveau? Est-ce que nous ne devrions pas, en tant que peuple, se r\u00e9jouir de l\u2019opportunit\u00e9 de se faire r\u00e9ellement consulter sur quelque chose de temps \u00e0 autre? Est-ce que qu\u2019on se rend m\u00eame compte de c\u2019\u00e9tait quand 1995?<\/p>\n<p>En 1995, les chansons #1 au Qu\u00e9bec \u00e9taient \u00ab <a href=\"http:\/\/bit.ly\/Q7uajN\" target=\"_blank\">Pour que tu m\u2019aimes encore<\/a> \u00bb de C\u00e9line Dion et \u00ab<a href=\"http:\/\/bit.ly\/1kEsqXp\" target=\"_blank\"> Gangster Paradise<\/a> \u00bb de Coolio. En 1995, \u00ab<a href=\"http:\/\/bit.ly\/Q7uv5N\" target=\"_blank\"> La Petite Vie<\/a> \u00bb brisait tous les records de la t\u00e9l\u00e9vision qu\u00e9b\u00e9coise. En 1995, le Qu\u00e9bec avait encore ses Nordiques. En 1995, l\u2019ordinateur typique avait un grand 8MB de RAM et op\u00e9rait avec un syst\u00e8me innovateur du nom de Windows 95. En 1995, les lecteurs MP3 n\u2019existaient toujours pas. En 1995, Forest Gump nous parlait de la vie et du chocolat.  <\/p>\n<p>En 1995, Robert Bourrasa, Pierre-Eliott Trudeau, Maurice Richard, D\u00e9d\u00e9 Fortin, Pierre P\u00e9adeau et Marie Soleil-Tougas \u00e9taient toujours en vie, libres de voter.  <\/p>\n<p>En 1995, le bad-boy r\u00e9volutionnaire Gabriel Nadeau-Dubois \u00e9tait \u00e0 la maternelle. L\u00e9o Bureau-Blouin avait 4 ans. Martine Desjardins \u00e9tait pratiquement grand-m\u00e8re \u00e0 l\u2019\u00e2ge de 14 ans. Plus du tiers du caucus f\u00e9d\u00e9ral du NPD s\u2019\u00e9changeait des sandwichs aux tomates dans les concombres. M\u00eame l\u2019ex-candidate populaire \u00e0 la mairie de Montr\u00e9al M\u00e9lanie Joly \u00e9tait trop jeune pour se prononcer sur le futur du Qu\u00e9bec.<\/p>\n<p>Dans les \u00e9lections du 7 avril, 26,4% des \u00e9lecteurs inscrits \u00e9taient n\u00e9.e.s apr\u00e8s 1978 et \u00e9taient donc trop jeunes pour voter la derni\u00e8re fois que le Qu\u00e9bec se penchait sur la question nationale. C\u2019est plus de 1,5 millions d\u2019\u00e9lecteurs et d\u2019\u00e9lectrices au Qu\u00e9bec qui ne se sont jamais m\u00eame faits poser la question.   <\/p>\n<p>Pourtant nous continuons de traiter chaque \u00e9lection comme s\u2019il s\u2019agissait d\u2019un r\u00e9f\u00e9rendum sur un r\u00e9f\u00e9rendum. Nous continuons d\u2019avoir si peur de nous faire poser une question que nous sommes pr\u00eat.e.s \u00e0 d\u00e9laisser tout autres enjeux. <\/p>\n<p>Tout \u00e7a n\u2019est pas sain pour notre sant\u00e9 personnelle ou collective, mes ami.e.s, et il faut que \u00e7a cesse. Parfois, nous avons besoin de nous lancer dans ces conversations difficiles. Parfois, nous devons nous r\u00e9unir pour discuter de comment nous envisageons l\u2019\u00e9volution de nos communaut\u00e9s. Parfois, nous devons conqu\u00e9rir des mauvais souvenirs et r\u00e9essayer de se parler. Des consultations une fois par g\u00e9n\u00e9ration sont n\u00e9cessaires pour retrouver un peu de paix, m\u00eame si elle n\u2019est que temporaire. Sans ses consultations, ou si on continue de les rejeter et de les d\u00e9moniser \u00e0 tout coup, nous allons continuer de nous perdre dans un cercle vicieux de peur, de haine et de parano\u00efa. Sans elles, nous allons nous retrouver vieux, amers, et franchement, sans vie.<br \/>\n<\/p>","protected":false},"excerpt":{"rendered":"<p>Quand j\u2019y pense, mon introduction \u00e0 la politique s\u2019est faite durant le r\u00e9f\u00e9rendum de 1995. J\u2019\u00e9tais qu\u2019un p\u2019tit cul bilingue, reniflant et hypersensible, en 5e ann\u00e9e dans une \u00e9cole priv\u00e9e fran\u00e7aise assez snob. De ce que je peux me rappeler, &hellip; <a href=\"https:\/\/www.matness.ca\/fr\/referendums\/\">Continue reading<span class=\"meta-nav\">&rarr;<\/span><\/a><\/p>\n","protected":false},"author":1,"featured_media":692,"comment_status":"closed","ping_status":"closed","sticky":false,"template":"","format":"standard","meta":{"jetpack_post_was_ever_published":false,"_jetpack_newsletter_access":"","_jetpack_newsletter_tier_id":0,"footnotes":"","jetpack_publicize_message":"","jetpack_is_tweetstorm":false,"jetpack_publicize_feature_enabled":true,"jetpack_social_post_already_shared":true,"jetpack_social_options":{"image_generator_settings":{"template":"highway","enabled":false}}},"categories":[14],"tags":[],"jetpack_publicize_connections":[],"yoast_head":"<!-- This site is optimized with the Yoast SEO plugin v21.4 - https:\/\/yoast.com\/wordpress\/plugins\/seo\/ -->\n<title>La petite vie des r\u00e9f\u00e9rendums - matness<\/title>\n<meta name=\"robots\" content=\"index, follow, max-snippet:-1, max-image-preview:large, max-video-preview:-1\" \/>\n<link rel=\"canonical\" href=\"https:\/\/www.matness.ca\/en\/referendums\/\" \/>\n<meta property=\"og:locale\" content=\"fr_FR\" \/>\n<meta property=\"og:type\" content=\"article\" \/>\n<meta property=\"og:title\" content=\"La petite vie des r\u00e9f\u00e9rendums - matness\" \/>\n<meta property=\"og:description\" content=\"Quand j\u2019y pense, mon introduction \u00e0 la politique s\u2019est faite durant le r\u00e9f\u00e9rendum de 1995. J\u2019\u00e9tais qu\u2019un p\u2019tit cul bilingue, reniflant et hypersensible, en 5e ann\u00e9e dans une \u00e9cole priv\u00e9e fran\u00e7aise assez snob. De ce que je peux me rappeler, &hellip; Continue reading&rarr;\" \/>\n<meta property=\"og:url\" content=\"https:\/\/www.matness.ca\/en\/referendums\/\" \/>\n<meta property=\"og:site_name\" content=\"matness\" \/>\n<meta property=\"article:published_time\" content=\"2014-05-05T22:07:45+00:00\" \/>\n<meta property=\"article:modified_time\" content=\"2014-05-20T01:09:52+00:00\" \/>\n<meta property=\"og:image\" content=\"https:\/\/www.matness.ca\/wp-content\/uploads\/2014\/05\/o-REFERENDUM-1995-facebook1.jpg\" \/>\n\t<meta property=\"og:image:width\" content=\"1536\" \/>\n\t<meta property=\"og:image:height\" content=\"692\" \/>\n\t<meta property=\"og:image:type\" content=\"image\/jpeg\" \/>\n<meta name=\"author\" content=\"Mathieu Murphy-Perron\" \/>\n<meta name=\"twitter:card\" content=\"summary_large_image\" \/>\n<meta name=\"twitter:label1\" content=\"\u00c9crit par\" \/>\n\t<meta name=\"twitter:data1\" content=\"Mathieu Murphy-Perron\" \/>\n\t<meta name=\"twitter:label2\" content=\"Dur\u00e9e de lecture estim\u00e9e\" \/>\n\t<meta name=\"twitter:data2\" content=\"9 minutes\" \/>\n<script type=\"application\/ld+json\" class=\"yoast-schema-graph\">{\"@context\":\"https:\/\/schema.org\",\"@graph\":[{\"@type\":\"WebPage\",\"@id\":\"https:\/\/www.matness.ca\/en\/referendums\/\",\"url\":\"https:\/\/www.matness.ca\/en\/referendums\/\",\"name\":\"La petite vie des r\u00e9f\u00e9rendums - matness\",\"isPartOf\":{\"@id\":\"https:\/\/www.matness.ca\/en\/#website\"},\"datePublished\":\"2014-05-05T22:07:45+00:00\",\"dateModified\":\"2014-05-20T01:09:52+00:00\",\"author\":{\"@id\":\"https:\/\/www.matness.ca\/en\/#\/schema\/person\/d7836f7eb5e5affb0b4c31dd0c70f716\"},\"breadcrumb\":{\"@id\":\"https:\/\/www.matness.ca\/en\/referendums\/#breadcrumb\"},\"inLanguage\":\"fr-FR\",\"potentialAction\":[{\"@type\":\"ReadAction\",\"target\":[\"https:\/\/www.matness.ca\/en\/referendums\/\"]}]},{\"@type\":\"BreadcrumbList\",\"@id\":\"https:\/\/www.matness.ca\/en\/referendums\/#breadcrumb\",\"itemListElement\":[{\"@type\":\"ListItem\",\"position\":1,\"name\":\"Home\",\"item\":\"https:\/\/www.matness.ca\/en\/\"},{\"@type\":\"ListItem\",\"position\":2,\"name\":\"La petite vie des r\u00e9f\u00e9rendums\"}]},{\"@type\":\"WebSite\",\"@id\":\"https:\/\/www.matness.ca\/en\/#website\",\"url\":\"https:\/\/www.matness.ca\/en\/\",\"name\":\"matness\",\"description\":\"compos\u00e9-hyphenated\",\"potentialAction\":[{\"@type\":\"SearchAction\",\"target\":{\"@type\":\"EntryPoint\",\"urlTemplate\":\"https:\/\/www.matness.ca\/en\/?s={search_term_string}\"},\"query-input\":\"required name=search_term_string\"}],\"inLanguage\":\"fr-FR\"},{\"@type\":\"Person\",\"@id\":\"https:\/\/www.matness.ca\/en\/#\/schema\/person\/d7836f7eb5e5affb0b4c31dd0c70f716\",\"name\":\"Mathieu Murphy-Perron\",\"image\":{\"@type\":\"ImageObject\",\"inLanguage\":\"fr-FR\",\"@id\":\"https:\/\/www.matness.ca\/en\/#\/schema\/person\/image\/\",\"url\":\"https:\/\/secure.gravatar.com\/avatar\/d4a78106e51caf16def5921ddc29e0a8?s=96&d=mm&r=g\",\"contentUrl\":\"https:\/\/secure.gravatar.com\/avatar\/d4a78106e51caf16def5921ddc29e0a8?s=96&d=mm&r=g\",\"caption\":\"Mathieu Murphy-Perron\"},\"url\":\"https:\/\/www.matness.ca\/fr\/author\/mathieu\/\"}]}<\/script>\n<!-- \/ Yoast SEO plugin. -->","yoast_head_json":{"title":"La petite vie des r\u00e9f\u00e9rendums - matness","robots":{"index":"index","follow":"follow","max-snippet":"max-snippet:-1","max-image-preview":"max-image-preview:large","max-video-preview":"max-video-preview:-1"},"canonical":"https:\/\/www.matness.ca\/en\/referendums\/","og_locale":"fr_FR","og_type":"article","og_title":"La petite vie des r\u00e9f\u00e9rendums - matness","og_description":"Quand j\u2019y pense, mon introduction \u00e0 la politique s\u2019est faite durant le r\u00e9f\u00e9rendum de 1995. J\u2019\u00e9tais qu\u2019un p\u2019tit cul bilingue, reniflant et hypersensible, en 5e ann\u00e9e dans une \u00e9cole priv\u00e9e fran\u00e7aise assez snob. De ce que je peux me rappeler, &hellip; Continue reading&rarr;","og_url":"https:\/\/www.matness.ca\/en\/referendums\/","og_site_name":"matness","article_published_time":"2014-05-05T22:07:45+00:00","article_modified_time":"2014-05-20T01:09:52+00:00","og_image":[{"width":1536,"height":692,"url":"https:\/\/www.matness.ca\/wp-content\/uploads\/2014\/05\/o-REFERENDUM-1995-facebook1.jpg","type":"image\/jpeg"}],"author":"Mathieu Murphy-Perron","twitter_card":"summary_large_image","twitter_misc":{"\u00c9crit par":"Mathieu Murphy-Perron","Dur\u00e9e de lecture estim\u00e9e":"9 minutes"},"schema":{"@context":"https:\/\/schema.org","@graph":[{"@type":"WebPage","@id":"https:\/\/www.matness.ca\/en\/referendums\/","url":"https:\/\/www.matness.ca\/en\/referendums\/","name":"La petite vie des r\u00e9f\u00e9rendums - matness","isPartOf":{"@id":"https:\/\/www.matness.ca\/en\/#website"},"datePublished":"2014-05-05T22:07:45+00:00","dateModified":"2014-05-20T01:09:52+00:00","author":{"@id":"https:\/\/www.matness.ca\/en\/#\/schema\/person\/d7836f7eb5e5affb0b4c31dd0c70f716"},"breadcrumb":{"@id":"https:\/\/www.matness.ca\/en\/referendums\/#breadcrumb"},"inLanguage":"fr-FR","potentialAction":[{"@type":"ReadAction","target":["https:\/\/www.matness.ca\/en\/referendums\/"]}]},{"@type":"BreadcrumbList","@id":"https:\/\/www.matness.ca\/en\/referendums\/#breadcrumb","itemListElement":[{"@type":"ListItem","position":1,"name":"Home","item":"https:\/\/www.matness.ca\/en\/"},{"@type":"ListItem","position":2,"name":"La petite vie des r\u00e9f\u00e9rendums"}]},{"@type":"WebSite","@id":"https:\/\/www.matness.ca\/en\/#website","url":"https:\/\/www.matness.ca\/en\/","name":"matness","description":"compos\u00e9-hyphenated","potentialAction":[{"@type":"SearchAction","target":{"@type":"EntryPoint","urlTemplate":"https:\/\/www.matness.ca\/en\/?s={search_term_string}"},"query-input":"required name=search_term_string"}],"inLanguage":"fr-FR"},{"@type":"Person","@id":"https:\/\/www.matness.ca\/en\/#\/schema\/person\/d7836f7eb5e5affb0b4c31dd0c70f716","name":"Mathieu Murphy-Perron","image":{"@type":"ImageObject","inLanguage":"fr-FR","@id":"https:\/\/www.matness.ca\/en\/#\/schema\/person\/image\/","url":"https:\/\/secure.gravatar.com\/avatar\/d4a78106e51caf16def5921ddc29e0a8?s=96&d=mm&r=g","contentUrl":"https:\/\/secure.gravatar.com\/avatar\/d4a78106e51caf16def5921ddc29e0a8?s=96&d=mm&r=g","caption":"Mathieu Murphy-Perron"},"url":"https:\/\/www.matness.ca\/fr\/author\/mathieu\/"}]}},"jetpack_featured_media_url":"https:\/\/www.matness.ca\/wp-content\/uploads\/2014\/05\/o-REFERENDUM-1995-facebook1.jpg","jetpack_sharing_enabled":true,"jetpack_shortlink":"https:\/\/wp.me\/p4Bhm0-ag","_links":{"self":[{"href":"https:\/\/www.matness.ca\/fr\/wp-json\/wp\/v2\/posts\/636"}],"collection":[{"href":"https:\/\/www.matness.ca\/fr\/wp-json\/wp\/v2\/posts"}],"about":[{"href":"https:\/\/www.matness.ca\/fr\/wp-json\/wp\/v2\/types\/post"}],"author":[{"embeddable":true,"href":"https:\/\/www.matness.ca\/fr\/wp-json\/wp\/v2\/users\/1"}],"replies":[{"embeddable":true,"href":"https:\/\/www.matness.ca\/fr\/wp-json\/wp\/v2\/comments?post=636"}],"version-history":[{"count":6,"href":"https:\/\/www.matness.ca\/fr\/wp-json\/wp\/v2\/posts\/636\/revisions"}],"predecessor-version":[{"id":643,"href":"https:\/\/www.matness.ca\/fr\/wp-json\/wp\/v2\/posts\/636\/revisions\/643"}],"wp:featuredmedia":[{"embeddable":true,"href":"https:\/\/www.matness.ca\/fr\/wp-json\/wp\/v2\/media\/692"}],"wp:attachment":[{"href":"https:\/\/www.matness.ca\/fr\/wp-json\/wp\/v2\/media?parent=636"}],"wp:term":[{"taxonomy":"category","embeddable":true,"href":"https:\/\/www.matness.ca\/fr\/wp-json\/wp\/v2\/categories?post=636"},{"taxonomy":"post_tag","embeddable":true,"href":"https:\/\/www.matness.ca\/fr\/wp-json\/wp\/v2\/tags?post=636"}],"curies":[{"name":"wp","href":"https:\/\/api.w.org\/{rel}","templated":true}]}}